{"id":5110,"date":"2023-02-07T09:57:05","date_gmt":"2023-02-07T06:57:05","guid":{"rendered":"https:\/\/www.farplas.com\/?p=5110"},"modified":"2023-02-16T18:09:58","modified_gmt":"2023-02-16T15:09:58","slug":"emin-atac-cumhuriyetin-100-yilinda-otomotiv-sanayiden-bahsetti","status":"publish","type":"post","link":"https:\/\/www.farplas.com\/tr\/medya-merkezi-html\/basin\/2023\/emin-atac-cumhuriyetin-100-yilinda-otomotiv-sanayiden-bahsetti\/","title":{"rendered":"Emin Ata\u00e7, TAYSAD Dergisi&#8217;nin 129. say\u0131s\u0131nda, \u201cCumhuriyetin 100. Y\u0131l\u0131nda Otomotiv Sanayi\u201dden bahsetti"},"content":{"rendered":"\n<ul class=\"wp-block-list\"><li><strong>Otomotiv sekt\u00f6r\u00fcn\u00fcn son 100 y\u0131ldaki geli\u015fimini nas\u0131l de\u011ferlendiriyorsunuz? \u0130\u00e7ten yanmal\u0131 ve elektrikli ara\u00e7lara bakt\u0131\u011f\u0131m\u0131zda 100 y\u0131lda neler de\u011fi\u015fti?<\/strong><strong><\/strong><\/li><\/ul>\n\n\n\n<p>Otomotiv sekt\u00f6r\u00fc, Henry Ford\u2019un devrim niteli\u011finde olan kitlesel \u00fcretim sistemiyle tan\u0131\u015ft\u0131 ve otomobiller, herkes i\u00e7in ula\u015f\u0131labilir hale geldi. Ge\u00e7en zaman i\u00e7erisinde; t\u00fckenen do\u011fal kaynaklar, artan talep ve \u00fcretim hacimleri, otomotiv sekt\u00f6r\u00fcndeki teknolojik geli\u015fmeleri ve \u00e7evre reg\u00fclasyonlar\u0131n\u0131 zorunlu hale getirdi.<\/p>\n\n\n\n<p>G\u00fcn\u00fcm\u00fczde ise bu sorunlara \u00e7\u00f6z\u00fcm \u00fcretmek, ak\u0131ll\u0131 ve s\u00fcrd\u00fcr\u00fclebilir \u015fehirler in\u015fa etmek i\u00e7in geli\u015ftirilen yeni teknolojilerin uygulanabilirlik s\u00fcreci, ortalama 3 y\u0131l gibi k\u0131sa s\u00fcrelere indi.&nbsp; Bu sebeple, 100 y\u0131l geriye gitmektense, otomotiv sekt\u00f6r\u00fcnde kritik \u00f6neme sahip olan son 10-15 y\u0131l\u0131 de\u011ferlendirmeyi tercih ediyorum.<\/p>\n\n\n\n<p>Sekt\u00f6rde faaliyet g\u00f6steren firmalar olarak; artan rekabeti, ye\u015fil mutabakat gerekliliklerini, siyasi belirsizlikleri, verimlilik art\u0131\u015f\u0131n\u0131, kaynaklar\u0131n etkin kullan\u0131m\u0131n\u0131, idari ve teknik insan kayna\u011f\u0131n\u0131 optimize bir \u015fekilde y\u00f6netmemiz gerekiyor. Ayn\u0131 zamanda \u00e7evresel fakt\u00f6rleri ve yapay zek\u00e2, nesnelerin interneti, ba\u011flanabilirlik, batarya teknolojileri gibi mobilite ekosisteminin olmazsa olmaz geli\u015fmelerinin de uygulay\u0131c\u0131s\u0131 olmak durumunday\u0131z. &nbsp;<\/p>\n\n\n\n<p>Ayr\u0131ca, mobilite ekosisteminde yer alan yeni oyucular\u0131n bir\u00e7o\u011fu da ara\u00e7 \u00fcreticileri de\u011fil; sens\u00f6r, ak\u0131ll\u0131 kamera sistemleri, yaz\u0131l\u0131m ve enerji gibi farkl\u0131 sekt\u00f6rlerden oyuncular. Biz de Farplas olarak geli\u015ftirdi\u011fimiz, yat\u0131r\u0131m yapt\u0131\u011f\u0131m\u0131z ve stratejik sat\u0131n alma hamlelerinde bulundu\u011fumuz yeni nesil hizmet ve \u00fcr\u00fcnlerimizle, m\u00fc\u015fterilerimize her zaman daha iyisini sunmak i\u00e7in \u00e7al\u0131\u015fmalar\u0131m\u0131z\u0131 s\u00fcrd\u00fcr\u00fcyoruz.<\/p>\n\n\n\n<ul class=\"wp-block-list\"><li><strong>Gelecek 100 y\u0131l\u0131n sekt\u00f6r g\u00fcndemi ne olacak? 100 y\u0131l sonra ula\u015f\u0131m i\u00e7in neler kullan\u0131lacak? Otomotiv de\u011fer zincirinde neler \u00f6nemli olacak?<\/strong><strong><\/strong><\/li><\/ul>\n\n\n\n<p>Teknolojik geli\u015fmelerin h\u0131z\u0131na ve ara\u00e7 \u00fcreticilerinin a\u00e7\u0131klamalar\u0131na bakacak olursak, hepsinin sadece elektrikli ve hidrojen yak\u0131tl\u0131 olan \u00e7evreyle dost teknolojileri kullanaca\u011f\u0131n\u0131 s\u00f6ylemek yanl\u0131\u015f olmaz. Otonom ve ba\u011flant\u0131l\u0131 ara\u00e7lar\u0131, ula\u015f\u0131m ama\u00e7l\u0131 kullan\u0131lan drone\u2019lar\u0131 yak\u0131n gelecekte sokaklarda g\u00f6rece\u011fiz. Ayr\u0131ca, 3D bask\u0131lama, dijital ikiz, yapay zek\u00e2 ve elektrifikasyon teknolojileri de olduk\u00e7a yayg\u0131n hale gelecek.<\/p>\n\n\n\n<p>Payla\u015f\u0131ml\u0131, s\u00fcr\u00fcc\u00fcs\u00fcz, ba\u011flant\u0131l\u0131 ve ak\u0131ll\u0131 ara\u00e7lar\u0131 son t\u00fcketiciye ula\u015ft\u0131rmak i\u00e7in geli\u015ftirilen uygulamalar, otomotiv sekt\u00f6r\u00fcnde kritik rol oynayacak.<\/p>\n\n\n\n<ul class=\"wp-block-list\"><li><strong>Ak\u0131ll\u0131, \u00e7evreci ve s\u00fcrd\u00fcr\u00fclebilir \u00fcr\u00fcnler \u015firketinizi nas\u0131l de\u011fi\u015ftirecek?<\/strong><strong><\/strong><\/li><\/ul>\n\n\n\n<p>Farplas olarak geli\u015ftirdi\u011fimiz ve dahil oldu\u011fumuz ileri seviye AR-GE projelerimiz, ulusal ve uluslararas\u0131 kurulu\u015flar taraf\u0131ndan fonlanmaktad\u0131r. \u0130novasyonu geli\u015ftiren i\u015f birlik\u00e7i ve yarat\u0131c\u0131 bir k\u00fclt\u00fcr olu\u015fturma do\u011frultusunda kendimizi her ge\u00e7en g\u00fcn daha ileriye ta\u015f\u0131yoruz. &nbsp;<\/p>\n\n\n\n<p>Yeni nesil y\u00fcksek performansl\u0131, hafif ve s\u00fcrd\u00fcr\u00fclebilir \u00fcr\u00fcnler \u00fcretmek; \u00fcretim teknolojileri geli\u015ftirmek ve d\u00f6ng\u00fcsel ekonomi ad\u0131na inovatif projeler hayata ge\u00e7irmek i\u00e7in teknoloji kurumlar\u0131, end\u00fcstri ortaklar\u0131, giri\u015fimler ve m\u00fc\u015fterilerimizle i\u015f birli\u011fi yap\u0131yoruz.<\/p>\n\n\n\n<p>Bahsetti\u011fim bu \u00e7al\u0131\u015fmalar neticesinde; i\u015flevselli\u011fi, tasar\u0131m\u0131, g\u00fcvenli\u011fi, sat\u0131n al\u0131nabilirli\u011fi ve s\u00fcrd\u00fcr\u00fclebilirli\u011fi geli\u015ftiriyoruz.<\/p>\n\n\n\n<ul class=\"wp-block-list\"><li><strong>Otomotiv sekt\u00f6r\u00fc k\u00fcresel geli\u015fmelerden (Tedarik sorunu, \u00e7ip krizi, vergi ve \u00e7evresel yasalar, k\u00fcresel ticarette ya\u015fanan krizler gibi) h\u0131zl\u0131 etkilenen bir sekt\u00f6r. Otomotiv gibi ini\u015fleri \u00e7\u0131k\u0131\u015flar\u0131 olan bir sekt\u00f6rde nas\u0131l dayan\u0131kl\u0131 kal\u0131yorsunuz?&nbsp; Otomotiv i\u015finde \u00f6ne \u00e7\u0131kard\u0131\u011f\u0131n\u0131z \u00f6nemli noktalar nelerdir? Ba\u015far\u0131 ve ba\u015far\u0131s\u0131zl\u0131\u011f\u0131 nas\u0131l tan\u0131ml\u0131yorsunuz?<\/strong><strong><\/strong><\/li><\/ul>\n\n\n\n<p>Otomotiv sekt\u00f6r\u00fcndeki orta ve uzun vadeli \u00fcretim planlar\u0131n\u0131n yerini, trendleri aktif olarak takip ederek k\u00fcresel ve teknolojik geli\u015fmelere h\u0131zla uyum sa\u011flama becerisi ald\u0131. Biz de esneklik ve \u00f6ng\u00f6r\u00fc kabiliyetlerimizi, m\u00fc\u015fterilerimizin talepleri ve ihtiya\u00e7lar\u0131 do\u011frultusunda kullanarak \u00fcretim faaliyetlerimizi ve iyile\u015ftirmelerimizi planl\u0131yoruz. Bu da bizi \u00e7evik ve dayan\u0131kl\u0131 bir \u015firket konumuna getiriyor. Benim ba\u015far\u0131 ve ba\u015far\u0131s\u0131zl\u0131k tan\u0131m\u0131m\u0131 ise Mustafa Kemal Atat\u00fcrk\u2019\u00fcn \u015fu s\u00f6z\u00fcyle a\u00e7\u0131klamak isterim: \u201cYerinde duran, geriye gidiyor demektir&#8230; \u0130leri, daima ileri\u201d.<\/p>\n\n\n\n<p>Emin Ata\u00e7<br>Farplas \u0130cra Kurulu Ba\u015fkan\u0131 (CEO)<\/p>\n","protected":false},"excerpt":{"rendered":"<p>Emin Ata\u00e7, TAYSAD Dergisi&#8217;nin 129. say\u0131s\u0131nda, \u201cCumhuriyetin 100. Y\u0131l\u0131nda Otomotiv Sanayi\u201dden bahsetti.<\/p>\n","protected":false},"author":1,"featured_media":5113,"comment_status":"open","ping_status":"open","sticky":false,"template":"","format":"standard","meta":{"_acf_changed":false,"inline_featured_image":false,"footnotes":""},"categories":[289],"tags":[],"class_list":["post-5110","post","type-post","status-publish","format-standard","has-post-thumbnail","hentry","category-basin","entry"],"acf":[],"_links":{"self":[{"href":"https:\/\/www.farplas.com\/tr\/wp-json\/wp\/v2\/posts\/5110","targetHints":{"allow":["GET"]}}],"collection":[{"href":"https:\/\/www.farplas.com\/tr\/wp-json\/wp\/v2\/posts"}],"about":[{"href":"https:\/\/www.farplas.com\/tr\/wp-json\/wp\/v2\/types\/post"}],"author":[{"embeddable":true,"href":"https:\/\/www.farplas.com\/tr\/wp-json\/wp\/v2\/users\/1"}],"replies":[{"embeddable":true,"href":"https:\/\/www.farplas.com\/tr\/wp-json\/wp\/v2\/comments?post=5110"}],"version-history":[{"count":4,"href":"https:\/\/www.farplas.com\/tr\/wp-json\/wp\/v2\/posts\/5110\/revisions"}],"predecessor-version":[{"id":5212,"href":"https:\/\/www.farplas.com\/tr\/wp-json\/wp\/v2\/posts\/5110\/revisions\/5212"}],"wp:featuredmedia":[{"embeddable":true,"href":"https:\/\/www.farplas.com\/tr\/wp-json\/wp\/v2\/media\/5113"}],"wp:attachment":[{"href":"https:\/\/www.farplas.com\/tr\/wp-json\/wp\/v2\/media?parent=5110"}],"wp:term":[{"taxonomy":"category","embeddable":true,"href":"https:\/\/www.farplas.com\/tr\/wp-json\/wp\/v2\/categories?post=5110"},{"taxonomy":"post_tag","embeddable":true,"href":"https:\/\/www.farplas.com\/tr\/wp-json\/wp\/v2\/tags?post=5110"}],"curies":[{"name":"wp","href":"https:\/\/api.w.org\/{rel}","templated":true}]}}