{"id":3776,"date":"2021-05-15T12:00:00","date_gmt":"2021-05-15T09:00:00","guid":{"rendered":"https:\/\/www.farplas.com\/uncategorized-tr\/2021\/farplas-expands-to-romania-launches-its-first-international-manufacturing-plant\/"},"modified":"2022-07-07T00:46:36","modified_gmt":"2022-07-06T21:46:36","slug":"farplas-expands-to-romania-launches-its-first-international-manufacturing-plant","status":"publish","type":"post","link":"https:\/\/www.farplas.com\/tr\/medya-merkezi-html\/sirket\/2021\/farplas-expands-to-romania-launches-its-first-international-manufacturing-plant\/","title":{"rendered":"Farplas\u2019\u0131n \u0130lk Uluslararas\u0131 \u00dcretim Tesisi: Farplas &#038; Smart Solutions"},"content":{"rendered":"\n<p>Romanya&#8217;da bulunan ve ilk uluslararas\u0131 tesis yat\u0131r\u0131m\u0131m\u0131z olan Farplas &amp; Smart Solutions\u2019\u0131n Fabrika M\u00fcd\u00fcr\u00fc G\u00f6khan Ta\u015far ile yurt d\u0131\u015f\u0131 yat\u0131r\u0131m s\u00fcrecimizi ve b\u00fcy\u00fcme stratejilerimizi konu\u015ftuk.<\/p>\n\n\n\n<p><strong><strong>Farplas Romanya ne zaman a\u00e7\u0131ld\u0131?<\/strong><\/strong><br>Farplas\u2019\u0131n Romanya\u2019daki \u00fcretim tesisi olan <strong>Farplas &amp; Smart Solutions<\/strong>, resmi olarak May\u0131s 2020\u2019de a\u00e7\u0131ld\u0131.<\/p>\n\n\n\n<p><strong><strong>Bu \u00fcretim tesisi hangi ama\u00e7la yap\u0131ld\u0131?<\/strong><\/strong><br>Romanya \u00fcretim tesisimiz, bir\u00e7ok farkl\u0131 amaca hizmet etmek i\u00e7in yap\u0131ld\u0131. \u00d6ncelikle; firmam\u0131z\u0131n T\u00fcrkiye tesislerinden \u00fcr\u00fcn temin etmekte zorland\u0131\u011f\u0131 Avrupa m\u00fc\u015fteri fabrikalar\u0131na, Avrupa i\u00e7inden rekabet\u00e7i bir maliyetle katma de\u011ferli par\u00e7a (boyal\u0131 ya da y\u00fcksek teknoloji gerektiren par\u00e7alar\u0131n \u00fcretimi) sa\u011flayabilmeyi ama\u00e7lad\u0131k. Ayr\u0131ca m\u00fc\u015fterilerimizin bu ve benzer par\u00e7alarda ya\u015fad\u0131\u011f\u0131 teknik veya tedarik sorunlar\u0131n\u0131, kendi teknik bilgimizle ve hizmet seviyemizle \u00e7\u00f6zmeyi hedefledik.<\/p>\n\n\n\n<p>Her zaman alt\u0131n\u0131 \u00e7izdi\u011fimiz \u2018\u2019global \u015firket\u2019\u2019 olma hedefimize ula\u015fabilmek i\u00e7in yurtd\u0131\u015f\u0131na a\u00e7\u0131lma plan\u0131m\u0131z\u0131n ilk aya\u011f\u0131n\u0131 Farplas Romanya tesisi ile ger\u00e7ekle\u015ftirdik. Bu bak\u0131mdan, Romanya tesisi, Farplas\u2019\u0131n yurtd\u0131\u015f\u0131ndaki ilk fabrika yat\u0131r\u0131m\u0131d\u0131r ve bu da k\u00fcreselle\u015fmemiz ad\u0131na olduk\u00e7a \u00f6nemli bir kilometre ta\u015f\u0131d\u0131r. Att\u0131\u011f\u0131m\u0131z bu \u00f6nemli ad\u0131ma yak\u0131\u015f\u0131r bir \u015fekilde m\u00fc\u015fterilerimize T\u00fcrkiye\u2019de sundu\u011fumuz hizmeti vererek, \u2018\u2018FARK\u2019\u2019 yaratmak istiyoruz.<\/p>\n\n\n\n<p><strong><strong>Bu yat\u0131r\u0131m karar\u0131nda neden Romanya tercih edildi?<\/strong><\/strong><br>Romanya\u2019n\u0131n tercih edilmesindeki en \u00f6nemli neden, ilk ihtiya\u00e7 sahibi m\u00fc\u015fterimizin Dacia olmas\u0131 ve Romanya\u2019da yerle\u015fik olmas\u0131d\u0131r. Ayr\u0131ca hem T\u00fcrkiye hem de Tayland\u2019da partneri oldu\u011fumuz Ford\u2019un da Romanya\u2019da \u00fcretim tesisi bulunuyor ve kendileri ile Romanya\u2019da da iyi bir i\u015f birli\u011fi kurabilece\u011fimizi d\u00fc\u015f\u00fcnmekteyiz. Elbette &nbsp;&nbsp;Romanya\u2019n\u0131n kendine \u00f6zel ekonomik ve co\u011frafi fakt\u00f6rleri de bu kararda etkili oldu. \u00d6rnek vermek gerekirse; Do\u011fu Avrupa\u2019n\u0131n b\u00fcy\u00fcme h\u0131z\u0131, di\u011fer b\u00f6lgelere k\u0131yasla olduk\u00e7a iyi durumda. Ayr\u0131ca en b\u00fcy\u00fck avantajlar\u0131ndan biri hem geli\u015fmi\u015f AB pazarlar\u0131na hem de Rusya\u2019dan, Orta Asya \u00fclkelerine kadar geni\u015f bir pazara hitap etmesi. AB ile uyumlu ve yat\u0131r\u0131mc\u0131 dostu mevzuata sahip olmas\u0131 da Romanya\u2019y\u0131 \u00e7ekici k\u0131lan fakt\u00f6rler aras\u0131nda. Bunun yan\u0131 s\u0131ra Romanya\u2019da yeterli donan\u0131ma sahip i\u015f g\u00fcc\u00fc bulunmas\u0131n\u0131 da listeye eklemek gerekir diye d\u00fc\u015f\u00fcn\u00fcyorum.<\/p>\n\n\n\n<figure class=\"wp-block-image size-full over\"><img loading=\"lazy\" decoding=\"async\" width=\"1330\" height=\"480\" src=\"https:\/\/farplas.sipa.web.tr\/wp-content\/uploads\/2021\/10\/news-1-inside-1.jpg\" alt=\"\" class=\"wp-image-717\" srcset=\"https:\/\/www.farplas.com\/wp-content\/uploads\/2021\/10\/news-1-inside-1.jpg 1330w, https:\/\/www.farplas.com\/wp-content\/uploads\/2021\/10\/news-1-inside-1-300x108.jpg 300w, https:\/\/www.farplas.com\/wp-content\/uploads\/2021\/10\/news-1-inside-1-1024x370.jpg 1024w, https:\/\/www.farplas.com\/wp-content\/uploads\/2021\/10\/news-1-inside-1-768x277.jpg 768w\" sizes=\"auto, (max-width: 1330px) 100vw, 1330px\" \/><\/figure>\n\n\n\n<p><strong>\u015eirket yap\u0131s\u0131ndan bahsedebilir misiniz?<\/strong><br>\u015eirket yap\u0131s\u0131, %60 Farplas, %40 Smart Plast Solution olmak \u00fczere ortak bir giri\u015fimden (JV) olu\u015fuyor.<\/p>\n\n\n\n<p><strong>\u015eirketin unvan\u0131 nedir?<\/strong><br>Ortak giri\u015fim yap\u0131s\u0131na uyumlu olarak unvan\u0131, <strong>Farplas &amp; Smart Solutions. <\/strong>Logomuz da her iki \u015firketin birle\u015fiminden olu\u015fuyor.<\/p>\n\n\n\n<p><strong>Ortak oldu\u011fumuz di\u011fer \u015firket hakk\u0131nda bilgi verebilir misiniz?<\/strong><br>Delta Group, plastik enjeksiyon operasyonlar\u0131nda olduk\u00e7a tecr\u00fcbeli ve iyi bir firma. Kendilerinin; Delta Invest ve Smart Plast Solutions ad\u0131nda iki \u00fcretim \u015firketi bulunuyor. Bunun d\u0131\u015f\u0131nda turizm, enerji gibi sekt\u00f6rlerde de giri\u015fimleri var.<\/p>\n\n\n\n<p><strong>Delta Group ile tan\u0131\u015fma hikayemizden bahsedebilir misiniz?<\/strong>M\u00fc\u015fterimiz Dacia sayesinde Delta Group ile tan\u0131\u015ft\u0131k. \u015eirket y\u00f6netimiyle kurulan s\u0131cak ili\u015fkiler ve yakla\u015f\u0131k 1 y\u0131l s\u00fcren g\u00f6r\u00fc\u015fmeler sonunda, Ocak 2020\u2019de anla\u015fma sa\u011fland\u0131. Fakat pandemiden kaynakl\u0131 karantina ve kapanmadan \u00f6t\u00fcr\u00fc, \u015firketin resmi kurulu\u015funda gecikmeler ya\u015fand\u0131.<\/p>\n\n\n\n<figure class=\"wp-block-image size-full over\"><img loading=\"lazy\" decoding=\"async\" width=\"1329\" height=\"624\" src=\"https:\/\/farplas.sipa.web.tr\/wp-content\/uploads\/2021\/10\/news-1-inside-2.jpg\" alt=\"\" class=\"wp-image-720\" srcset=\"https:\/\/www.farplas.com\/wp-content\/uploads\/2021\/10\/news-1-inside-2.jpg 1329w, https:\/\/www.farplas.com\/wp-content\/uploads\/2021\/10\/news-1-inside-2-300x141.jpg 300w, https:\/\/www.farplas.com\/wp-content\/uploads\/2021\/10\/news-1-inside-2-1024x481.jpg 1024w, https:\/\/www.farplas.com\/wp-content\/uploads\/2021\/10\/news-1-inside-2-768x361.jpg 768w\" sizes=\"auto, (max-width: 1329px) 100vw, 1329px\" \/><\/figure>\n\n\n\n<p><strong>Ortakl\u0131 bir yap\u0131 tercih etmemizdeki sebepler neler?<\/strong><br>Her \u00fclkenin kendine \u00f6zg\u00fc bir i\u015f yapma \u015fekli ve k\u00fclt\u00fcr\u00fc olmas\u0131n\u0131n yan\u0131 s\u0131ra bizim bunlara dair bilmedi\u011fimiz \u00e7ok \u015fey var. \u00d6\u011frenmemiz gereken bir\u00e7ok konuya partnerimiz, daha rahat uyum sa\u011flamam\u0131za yard\u0131mc\u0131 oluyor. Ayr\u0131ca orta\u011f\u0131m\u0131z\u0131n haz\u0131r fabrika alt yap\u0131s\u0131n\u0131 kullanarak yat\u0131r\u0131mlar\u0131m\u0131z\u0131 daha \u00e7ok teknolojiye y\u00f6nlendirebiliyor, hem h\u0131z hem de kaynak verimlili\u011fi sa\u011flayabiliyoruz.<\/p>\n\n\n\n<p><strong>Farplas Romanya \u00fcretim tesisi nerede bulunuyor?<\/strong><br>Arges eyaletinde Mioveni \u015fehrinde bulunuyor. M\u00fc\u015fterimiz olan Dacia fabrikas\u0131na 5 km uzakl\u0131ktay\u0131z.<\/p>\n\n\n\n<p>\u015eu an i\u00e7in fabrikam\u0131z, 4.300 metrekare kapal\u0131, 4.500 metrekare a\u00e7\u0131k alandan olu\u015fuyor. Bununla birlikte, orta\u011f\u0131m\u0131z ile g\u00f6r\u00fc\u015f birli\u011fine vard\u0131\u011f\u0131m\u0131z \u015fekilde, toplamda 9.000 metrekare daha b\u00fcy\u00fcme alan\u0131na sahibiz. Ayr\u0131ca \u015fu anda in\u015faat halinde olan idari binam\u0131z tamamland\u0131\u011f\u0131nda, 900 &nbsp;&nbsp;&nbsp;&nbsp;&nbsp;&nbsp;&nbsp;&nbsp;&nbsp;&nbsp;&nbsp;&nbsp;&nbsp;&nbsp;&nbsp;&nbsp;&nbsp;&nbsp;&nbsp;&nbsp;&nbsp;&nbsp;metrekarelik ek bir alana daha sahip olaca\u011f\u0131z.<\/p>\n\n\n\n<p><strong>Farplas Romanya fabrikas\u0131nda ka\u00e7 ki\u015fi \u00e7al\u0131\u015f\u0131yor?<\/strong><br>Yak\u0131n zamanda \u00fcretim ba\u015flad\u0131\u011f\u0131nda yakla\u015f\u0131k 100 ki\u015fi olaca\u011f\u0131z.<\/p>\n\n\n\n<p><strong>Romanya\u2019da hangi \u00fcretimler yap\u0131l\u0131yor?<\/strong><br>\u0130lk m\u00fc\u015fterimiz olan Dacia\u2019n\u0131n Duster modeli i\u00e7in spoiler par\u00e7as\u0131n\u0131 \u00fcretiyoruz. Enjeksiyon, boyahane, montaj ve Farplas\u2019ta ilk olacak olan \u201cTam zamanl\u0131 s\u0131ralama\u2019\u2019 (JIS, Just in Sequence) metoduyla m\u00fc\u015fteriye g\u00f6nderim yapaca\u011f\u0131z. M\u00fc\u015fterinin sipari\u015f bilgisini g\u00f6ndermesi ile bizim par\u00e7am\u0131z\u0131n o hatta montaj olmas\u0131 aras\u0131nda sadece 4 saat var.<\/p>\n\n\n\n<p><strong>Yeni g\u00f6revinize ne zaman atand\u0131n\u0131z?<\/strong><br>Ben burada fabrika m\u00fcd\u00fcr\u00fc olarak \u00e7al\u0131\u015f\u0131yorum. Romanya organizasyonunda \u201cPlant Executive Director\u201d olarak tan\u0131ml\u0131yoruz. 2020 Ocak ay\u0131nda kabul etti\u011fim g\u00f6revime resmi olarak 2020 Ekim ay\u0131nda ba\u015flad\u0131m.<\/p>\n\n\n\n<p><strong>Farplas\u2019taki kariyer yolculu\u011funuzdan ve yeni &nbsp;g\u00f6revinizden bahseder misiniz?<\/strong><br>Farplas\u2019ta Kas\u0131m 2015 y\u0131l\u0131nda boyahane tak\u0131m y\u00f6neticisi olarak ba\u015flad\u0131m. Akabinde, 2 boyahane yat\u0131r\u0131m\u0131nda g\u00f6rev ald\u0131m. O d\u00f6nemde baz\u0131 ekip arkada\u015flar\u0131m\u0131z aram\u0131zdan ayr\u0131ld\u0131\u011f\u0131 i\u00e7in, biraz daha fazla sorumluluk ald\u0131m. Asl\u0131nda onlar\u0131n i\u015ften ayr\u0131lmas\u0131, benim kendimi g\u00f6sterebilmem i\u00e7in bir f\u0131rsatt\u0131 diyebilirim. Birlikte \u00e7al\u0131\u015ft\u0131\u011f\u0131m ekip arkada\u015flar\u0131mla beraber bahsetti\u011fim boyahane yat\u0131r\u0131mlar\u0131n\u0131 ba\u015far\u0131yla devreye ald\u0131k.<\/p>\n\n\n\n<p>Bu projelerde g\u00f6sterdi\u011fim emek ve ba\u015far\u0131lar\u0131m\u0131n &nbsp;&nbsp;&nbsp;da etkisiyle, ne mutlu ki, i\u015fe ba\u015flad\u0131ktan 1 y\u0131l sonra \u00fcretim m\u00fcd\u00fcrl\u00fc\u011f\u00fc pozisyonuna atand\u0131m. Asl\u0131nda benim i\u00e7in yorucu ge\u00e7en 1 y\u0131l\u0131n sonunda \u00f6d\u00fcl gibi g\u00f6z\u00fckmesine ra\u011fmen, zorlu bir g\u00f6revi kabul ettim. \u00c7\u00fcnk\u00fc \u00fcretim, Farplas\u2019\u0131n g\u00fc\u00e7l\u00fc kaslar\u0131ndan biri ve ben de stratejik konumda olan bir departman\u0131n m\u00fcd\u00fcrl\u00fck g\u00f6revini devralm\u0131\u015ft\u0131m. Yakla\u015f\u0131k 4 y\u0131l \u00fcretim m\u00fcd\u00fcrl\u00fc\u011f\u00fc s\u00fcrecimde, bir\u00e7ok projede hem liderlik yapt\u0131m hem de ekip \u00fcyesi oldum. Bana verilen g\u00f6revlerde, elimden gelenin hep fazlas\u0131n\u0131 yapmaya \u00e7al\u0131\u015ft\u0131m, hep daha fazlas\u0131n\u0131 istedim. Bakt\u0131\u011f\u0131mda da g\u00fczel i\u015fler yapt\u0131\u011f\u0131m\u0131z\u0131 d\u00fc\u015f\u00fcn\u00fcyorum. Tabii ki zaman zaman istemedi\u011fimiz sonu\u00e7lar elde etti\u011fimiz i\u015fler &nbsp;&nbsp;&nbsp;&nbsp;&nbsp;&nbsp;&nbsp;de oldu ama bu s\u00fcre\u00e7lerden de kendime bir\u00e7ok \u00f6\u011frenme noktas\u0131 \u00e7\u0131kard\u0131m. Bu s\u00fcre\u00e7te tecr\u00fcbeli ki\u015filerin destekleri ve y\u00f6nlendirmeleri, her zaman &nbsp;bana destek oldu.<\/p>\n\n\n\n<p>Romanya g\u00f6revinin bana teklif edilmesindeki en b\u00fcy\u00fck etkenlerden birisinin, Farplas i\u00e7inde bir\u00e7ok farkl\u0131 projede ve g\u00f6revde \u00e7al\u0131\u015fm\u0131\u015f olmam diye d\u00fc\u015f\u00fcn\u00fcyorum. Y\u0131llar i\u00e7inde bir\u00e7ok proje, zorluk, yeni yat\u0131r\u0131mlar gibi kilometre ta\u015flar\u0131n\u0131n da i\u00e7inde bulundu\u011fumdan; Farplas\u2019a kar\u015f\u0131 aidiyet duygum \u00e7ok y\u00fcksek. Bu g\u00f6revi de kendime daha fazla yetkinlik kataca\u011f\u0131ma ve m\u00fccadeleci ruhumu ortaya koyaca\u011f\u0131ma inand\u0131\u011f\u0131m i\u00e7in seve seve kabul ettim.<\/p>\n\n\n\n<p>Pandeminin etkisiyle, al\u0131\u015ft\u0131\u011f\u0131m\u0131z 5-6 milyon \u20ac de\u011ferindeki proje toplant\u0131lar\u0131n\u0131 online olarak yapmaya \u00e7al\u0131\u015ft\u0131k. Hepimizin yeni yeni al\u0131\u015fmaya \u00e7al\u0131\u015ft\u0131\u011f\u0131 bu d\u00fczende, hata yapmadan t\u00fcm m\u00fchendislik ve proje ad\u0131mlar\u0131n\u0131 tamamlad\u0131k. Tabii ki en b\u00fcy\u00fck sorun, Romanya\u2019ya ula\u015fmakt\u0131. K\u0131s\u0131tlamalar ve yasaklardan dolay\u0131 \u00e7ok zor bir d\u00f6nem oldu. Burada -20 derece so\u011fukta konteynerde fabrikay\u0131 haz\u0131rlamaya \u00e7al\u0131\u015ft\u0131k. Ger\u00e7ekten geriye do\u011fru bakt\u0131\u011f\u0131mda pes etmek i\u00e7in \u00e7ok fazla neden varm\u0131\u015f diye d\u00fc\u015f\u00fcn\u00fcyorum. Bu d\u00f6nemde ailem ve ikinci ailem olan Farplas y\u00f6netimi ve t\u00fcm \u00e7al\u0131\u015fma arkada\u015flar\u0131m\u0131n inan\u0131lmaz bir deste\u011fi oldu. Fiziksel olarak yan\u0131mda olamasalar da her konuda sonsuz destek oldular, tam bir ekip \u00e7al\u0131\u015fmas\u0131 ile ba\u015far\u0131 sa\u011flad\u0131k diyebilirim. K\u0131s\u0131tlamalar\u0131n azalmas\u0131yla birlikte ekip arkada\u015flar\u0131m da buraya geldi. \u015eu an fabrikam\u0131z, %90 oran\u0131nda \u00fcretime haz\u0131r.<\/p>\n\n\n\n<p>Bununla birlikte; konumumuzun uzak olmas\u0131 sebebiyle \u0130nsan Kaynaklar\u0131, Finans, Sat\u0131n Alma, \u0130thalat &amp; \u0130hracat, Planlama, \u0130dari i\u015fler, \u00dcretim, Lojistik departmanlar\u0131n\u0131n getirdi\u011fi t\u00fcm g\u00f6revlerle de merkezi birimlerle i\u015f birli\u011fi i\u00e7inde ben ilgileniyorum. Yurtd\u0131\u015f\u0131ndaki fabrika m\u00fcd\u00fcrl\u00fc\u011f\u00fcn\u00fcn \u00f6zellikle bu y\u00f6n\u00fcyle b\u00fcy\u00fck bir &nbsp;farkl\u0131l\u0131k yaratt\u0131\u011f\u0131n\u0131 da belirtmek isterim.<\/p>\n\n\n\n<p>Ayr\u0131ca, T\u00fcrkiye\u2019den buraya gelen arkada\u015flar\u0131m\u0131n da benzer duygulara sahip olduklar\u0131n\u0131 d\u00fc\u015f\u00fcn\u00fcyorum. Hepsi de Farplas i\u00e7inde farkl\u0131 rollerde g\u00f6rev ve sorumluluk alm\u0131\u015f ve verilen g\u00f6revleri ba\u015far\u0131yla ger\u00e7ekle\u015ftirmi\u015f ki\u015filer. Onlarla da ileti\u015fime ge\u00e7ti\u011fimde, bug\u00fcne kadar yap\u0131lan i\u015flerden edindikleri tecr\u00fcbeleri, g\u00f6rev bilincini ve aidiyet duygular\u0131n\u0131 fark etmemek m\u00fcmk\u00fcn de\u011fil. Son olarak, de\u011finmeden ge\u00e7mek istemedi\u011fim bir konu daha var: Farplas, kendini geli\u015ftirmek i\u00e7in \u00e7ok iyi bir okul ve farkl\u0131 departmanlarda veya g\u00f6revlerde \u00e7al\u0131\u015f\u0131p yetkinliklerini geli\u015ftirmek isteyen insanlara \u00e7ok iyi f\u0131rsatlar sunuyor. Gen\u00e7lere \u00e7ok g\u00fcveniyor ve destekliyor. Bu firma i\u00e7erisinde azim g\u00f6sterip, sebat eden herkesin benim elde etti\u011fim f\u0131rsatlar\u0131 elde edebilece\u011fini d\u00fc\u015f\u00fcn\u00fcyorum. Burada \u00f6nemli olan, size verilen g\u00f6revi nas\u0131l tan\u0131mlad\u0131\u011f\u0131n\u0131z asl\u0131nda. Ben zorluklar\u0131 hep f\u0131rsat olarak g\u00f6rd\u00fcm ve hep daha fazlas\u0131n\u0131 istedim.<\/p>\n\n\n\n<p><strong>\u0130\u015f hedefleriniz neler?<\/strong><br>Burada ger\u00e7ek anlamda \u2018\u2018Problem \u00e7\u00f6z\u00fcc\u00fc bir firma\u2019\u2019 imaj\u0131 yaratmak. T\u00fcrkiye genel merkezimizdeki t\u00fcm yetkinlikleri kullanarak, m\u00fc\u015fterilerimizin sorunlar\u0131n\u0131 \u00e7\u00f6zmek ve bu sayede h\u0131zla b\u00fcy\u00fcmek istiyoruz. Bulundu\u011fumuz b\u00f6lgede g\u00fc\u00e7l\u00fc bir oyuncu olup, Orta ve Do\u011fu Avrupa\u2019da herkesin \u00e7al\u0131\u015fmak istedi\u011fi bir firma olmak gibi bir amac\u0131m\u0131z var. Bizleri destekleyecek t\u00fcm ekip arkada\u015flar\u0131m\u0131zla birlikte k\u0131sa s\u00fcre &nbsp;&nbsp;i\u00e7erisinde amac\u0131m\u0131za ula\u015fabilece\u011fiz.<\/p>\n\n\n\n<p><strong>Son olarak sizin de eklemek istedikleriniz var m\u0131d\u0131r?<\/strong><br>\u00d6nemli bir te\u015fekk\u00fcr mesaj\u0131 payla\u015fmak isterim. Bu zor d\u00f6nemde, seyahat k\u0131s\u0131tlamalar\u0131, yasaklar vb ko\u015fullara ra\u011fmen; benimle birlikte hem burada Romanya\u2019da hem de T\u00fcrkiye\u2019de bu fabrikay\u0131 devreye almak i\u00e7in \u00e7ok emek veren T\u00fcrk, Romen, &nbsp;Alman ve Danimarkal\u0131 \u00e7al\u0131\u015fma arkada\u015flar\u0131m var. Hen\u00fcz i\u015fimiz bitmedi ama \u015fimdiye kadar verdikleri emekten \u00f6t\u00fcr\u00fc hepsine \u00e7ok te\u015fekk\u00fcr ediyorum. \u0130yi ki varlar\u2026 Onlarla beraber, herkesin gurur duyaca\u011f\u0131 bir fabrika olaca\u011f\u0131m\u0131zdan hi\u00e7 \u015f\u00fcphem yok.<\/p>\n\n\n\n<figure class=\"wp-block-gallery columns-1  slide wp-block-gallery-1 is-layout-flex wp-block-gallery-is-layout-flex\"><ul class=\"blocks-gallery-grid\"><li class=\"blocks-gallery-item\"><figure><img loading=\"lazy\" decoding=\"async\" width=\"1024\" height=\"514\" src=\"https:\/\/farplas.sipa.web.tr\/wp-content\/uploads\/2021\/10\/news-1-slide-1-1024x514.jpg\" alt=\"\" data-id=\"723\" data-full-url=\"https:\/\/farplas.sipa.web.tr\/wp-content\/uploads\/2021\/10\/news-1-slide-1.jpg\" data-link=\"https:\/\/farplas.sipa.web.tr\/news-1-slide-1\/\" class=\"wp-image-723\" srcset=\"https:\/\/www.farplas.com\/wp-content\/uploads\/2021\/10\/news-1-slide-1-1024x514.jpg 1024w, https:\/\/www.farplas.com\/wp-content\/uploads\/2021\/10\/news-1-slide-1-300x151.jpg 300w, https:\/\/www.farplas.com\/wp-content\/uploads\/2021\/10\/news-1-slide-1-768x385.jpg 768w, https:\/\/www.farplas.com\/wp-content\/uploads\/2021\/10\/news-1-slide-1.jpg 1329w\" sizes=\"auto, (max-width: 1024px) 100vw, 1024px\" \/><\/figure><\/li><li class=\"blocks-gallery-item\"><figure><img loading=\"lazy\" decoding=\"async\" width=\"1024\" height=\"514\" src=\"https:\/\/farplas.sipa.web.tr\/wp-content\/uploads\/2021\/10\/news-1-slide-2-1024x514.jpg\" alt=\"\" data-id=\"726\" data-full-url=\"https:\/\/farplas.sipa.web.tr\/wp-content\/uploads\/2021\/10\/news-1-slide-2.jpg\" data-link=\"https:\/\/farplas.sipa.web.tr\/news-1-slide-2\/\" class=\"wp-image-726\" srcset=\"https:\/\/www.farplas.com\/wp-content\/uploads\/2021\/10\/news-1-slide-2-1024x514.jpg 1024w, https:\/\/www.farplas.com\/wp-content\/uploads\/2021\/10\/news-1-slide-2-300x151.jpg 300w, https:\/\/www.farplas.com\/wp-content\/uploads\/2021\/10\/news-1-slide-2-768x385.jpg 768w, https:\/\/www.farplas.com\/wp-content\/uploads\/2021\/10\/news-1-slide-2.jpg 1329w\" sizes=\"auto, (max-width: 1024px) 100vw, 1024px\" \/><\/figure><\/li><li class=\"blocks-gallery-item\"><figure><img loading=\"lazy\" decoding=\"async\" width=\"1024\" height=\"514\" src=\"https:\/\/farplas.sipa.web.tr\/wp-content\/uploads\/2021\/10\/news-1-slide-3-1024x514.jpg\" alt=\"\" data-id=\"729\" data-full-url=\"https:\/\/farplas.sipa.web.tr\/wp-content\/uploads\/2021\/10\/news-1-slide-3.jpg\" data-link=\"https:\/\/farplas.sipa.web.tr\/news-1-slide-3\/\" class=\"wp-image-729\" srcset=\"https:\/\/www.farplas.com\/wp-content\/uploads\/2021\/10\/news-1-slide-3-1024x514.jpg 1024w, https:\/\/www.farplas.com\/wp-content\/uploads\/2021\/10\/news-1-slide-3-300x151.jpg 300w, https:\/\/www.farplas.com\/wp-content\/uploads\/2021\/10\/news-1-slide-3-768x385.jpg 768w, https:\/\/www.farplas.com\/wp-content\/uploads\/2021\/10\/news-1-slide-3.jpg 1329w\" sizes=\"auto, (max-width: 1024px) 100vw, 1024px\" \/><\/figure><\/li><li class=\"blocks-gallery-item\"><figure><img loading=\"lazy\" decoding=\"async\" width=\"1024\" height=\"514\" src=\"https:\/\/farplas.sipa.web.tr\/wp-content\/uploads\/2021\/10\/news-1-slide-4-1024x514.jpg\" alt=\"\" data-id=\"732\" data-full-url=\"https:\/\/farplas.sipa.web.tr\/wp-content\/uploads\/2021\/10\/news-1-slide-4.jpg\" data-link=\"https:\/\/farplas.sipa.web.tr\/news-1-slide-4\/\" class=\"wp-image-732\" srcset=\"https:\/\/www.farplas.com\/wp-content\/uploads\/2021\/10\/news-1-slide-4-1024x514.jpg 1024w, https:\/\/www.farplas.com\/wp-content\/uploads\/2021\/10\/news-1-slide-4-300x151.jpg 300w, https:\/\/www.farplas.com\/wp-content\/uploads\/2021\/10\/news-1-slide-4-768x385.jpg 768w, https:\/\/www.farplas.com\/wp-content\/uploads\/2021\/10\/news-1-slide-4.jpg 1329w\" sizes=\"auto, (max-width: 1024px) 100vw, 1024px\" \/><\/figure><\/li><li class=\"blocks-gallery-item\"><figure><img loading=\"lazy\" decoding=\"async\" width=\"1024\" height=\"514\" src=\"https:\/\/farplas.sipa.web.tr\/wp-content\/uploads\/2021\/10\/news-1-slide-5-1024x514.jpg\" alt=\"\" data-id=\"735\" data-full-url=\"https:\/\/farplas.sipa.web.tr\/wp-content\/uploads\/2021\/10\/news-1-slide-5.jpg\" data-link=\"https:\/\/farplas.sipa.web.tr\/news-1-slide-5\/\" class=\"wp-image-735\" srcset=\"https:\/\/www.farplas.com\/wp-content\/uploads\/2021\/10\/news-1-slide-5-1024x514.jpg 1024w, https:\/\/www.farplas.com\/wp-content\/uploads\/2021\/10\/news-1-slide-5-300x151.jpg 300w, https:\/\/www.farplas.com\/wp-content\/uploads\/2021\/10\/news-1-slide-5-768x385.jpg 768w, https:\/\/www.farplas.com\/wp-content\/uploads\/2021\/10\/news-1-slide-5.jpg 1329w\" sizes=\"auto, (max-width: 1024px) 100vw, 1024px\" \/><\/figure><\/li><\/ul><\/figure>\n","protected":false},"excerpt":{"rendered":"<p>Romanya&#8217;da bulunan ve ilk uluslararas\u0131 tesis yat\u0131r\u0131m\u0131m\u0131z olan Farplas &#038; Smart Solutions\u2019\u0131n Fabrika M\u00fcd\u00fcr\u00fc G\u00f6khan Ta\u015far ile yurt d\u0131\u015f\u0131 yat\u0131r\u0131m s\u00fcrecimizi ve b\u00fcy\u00fcme stratejilerimizi konu\u015ftuk.<\/p>\n","protected":false},"author":1,"featured_media":3777,"comment_status":"open","ping_status":"open","sticky":false,"template":"","format":"standard","meta":{"_acf_changed":false,"inline_featured_image":false,"footnotes":""},"categories":[292,236],"tags":[],"class_list":["post-3776","post","type-post","status-publish","format-standard","has-post-thumbnail","hentry","category-bizden-haberler","category-sirket","entry"],"acf":[],"_links":{"self":[{"href":"https:\/\/www.farplas.com\/tr\/wp-json\/wp\/v2\/posts\/3776","targetHints":{"allow":["GET"]}}],"collection":[{"href":"https:\/\/www.farplas.com\/tr\/wp-json\/wp\/v2\/posts"}],"about":[{"href":"https:\/\/www.farplas.com\/tr\/wp-json\/wp\/v2\/types\/post"}],"author":[{"embeddable":true,"href":"https:\/\/www.farplas.com\/tr\/wp-json\/wp\/v2\/users\/1"}],"replies":[{"embeddable":true,"href":"https:\/\/www.farplas.com\/tr\/wp-json\/wp\/v2\/comments?post=3776"}],"version-history":[{"count":5,"href":"https:\/\/www.farplas.com\/tr\/wp-json\/wp\/v2\/posts\/3776\/revisions"}],"predecessor-version":[{"id":4090,"href":"https:\/\/www.farplas.com\/tr\/wp-json\/wp\/v2\/posts\/3776\/revisions\/4090"}],"wp:featuredmedia":[{"embeddable":true,"href":"https:\/\/www.farplas.com\/tr\/wp-json\/wp\/v2\/media\/3777"}],"wp:attachment":[{"href":"https:\/\/www.farplas.com\/tr\/wp-json\/wp\/v2\/media?parent=3776"}],"wp:term":[{"taxonomy":"category","embeddable":true,"href":"https:\/\/www.farplas.com\/tr\/wp-json\/wp\/v2\/categories?post=3776"},{"taxonomy":"post_tag","embeddable":true,"href":"https:\/\/www.farplas.com\/tr\/wp-json\/wp\/v2\/tags?post=3776"}],"curies":[{"name":"wp","href":"https:\/\/api.w.org\/{rel}","templated":true}]}}